{"id":742,"date":"2017-05-30T17:04:54","date_gmt":"2017-05-30T16:04:54","guid":{"rendered":"http:\/\/www.jo-der-koch.de\/wordpress\/?p=742"},"modified":"2017-05-30T17:04:54","modified_gmt":"2017-05-30T16:04:54","slug":"jo-der-koch-das-kochbuch","status":"publish","type":"post","link":"http:\/\/www.jo-der-koch.de\/wordpress\/2017\/05\/30\/jo-der-koch-das-kochbuch\/","title":{"rendered":"Jo der Koch das Kochbuch"},"content":{"rendered":"<p>Im Moment ist es einfacher denn je an Rezepte und Inspiration zum Kochen zu kommen. Ob aus Blogs oder den einschl\u00e4gigen Rezeptewebsites, die Auswahl, aus der man aussuchen kann ist gro\u00df. Am liebsten schau ich aber immer noch in Kochb\u00fcchern. Wir haben bei uns ein eigenes Regal nur f\u00fcr Kochb\u00fccher, das allerdings schon ziemlich gef\u00fcllt ist. Was trotzdem seit Langem fehlt ist ein eigenes Kochbuch. Ich bin schon lange mit verschiedenen Programmen und Anbietern am Experimentieren, habe aber bis jetzt noch nichts drucken lassen. Sicher erinnert ihr euch noch an <a href=\"http:\/\/www.saal-digital.de\">Saal Digital<\/a>. Nachdem ich bereits die Wandbilder testen durfte habe ich auch die Gelegenheit bekommen das Fotoheft zu testen. Gef\u00fcllt habe ich die Seiten nicht nur mit Bildern, sondern auch mit Rezepten. Um das Buch so gut wie m\u00f6glich zusammenzustellen habe ich mich auch an inDesign versucht, da\u00a0<a href=\"http:\/\/www.saal-digital.de\">Saal Digital<\/a>\u00a0eine Upload-Funktion per PDF anbietet. Wer sich nicht erst in ein Programm einarbeiten will kann auch das Programm von\u00a0<a href=\"http:\/\/www.saal-digital.de\">Saal Digital<\/a>\u00a0benutzen. Die Handhabung ist sehr einfach und bietet gen\u00fcgend Gestaltungsm\u00f6glichkeiten. Letztendlich habe ich auch diese Variante gew\u00e4hlt, denn die PDF Konfiguration muss ich noch etwas \u00fcben. Wer es noch einfacher m\u00f6chte kann auch einfach sein Buch im Browser gestalten.<\/p>\n<p><a href=\"http:\/\/www.jo-der-koch.de\/wordpress\/wp-content\/uploads\/2017\/05\/saalbuch-1-von-3.jpg\"><img loading=\"lazy\" decoding=\"async\" class=\"aligncenter size-large wp-image-744\" src=\"http:\/\/www.jo-der-koch.de\/wordpress\/wp-content\/uploads\/2017\/05\/saalbuch-1-von-3-681x1024.jpg\" alt=\"\" width=\"681\" height=\"1024\" srcset=\"http:\/\/www.jo-der-koch.de\/wordpress\/wp-content\/uploads\/2017\/05\/saalbuch-1-von-3-681x1024.jpg 681w, http:\/\/www.jo-der-koch.de\/wordpress\/wp-content\/uploads\/2017\/05\/saalbuch-1-von-3-199x300.jpg 199w, http:\/\/www.jo-der-koch.de\/wordpress\/wp-content\/uploads\/2017\/05\/saalbuch-1-von-3-768x1155.jpg 768w, http:\/\/www.jo-der-koch.de\/wordpress\/wp-content\/uploads\/2017\/05\/saalbuch-1-von-3-1440x2166.jpg 1440w, http:\/\/www.jo-der-koch.de\/wordpress\/wp-content\/uploads\/2017\/05\/saalbuch-1-von-3.jpg 2000w\" sizes=\"(max-width: 681px) 100vw, 681px\" \/><\/a><\/p>\n<p>Der Versand und die Qualit\u00e4t waren mal wieder beeindruckend. Lieferung innerhalb von zwei Tagen ist echt klasse. Von der Qualit\u00e4t war ich wie auch schon bei den Wandbildern begeistert. Dank eines Schutzes vor der ersten und nach der letzten Seite kann das Buch auch mal getrost auf der Arbeitsfl\u00e4che in der K\u00fcche\u00a0liegen. Jetzt kann ich beim Kochbuchst\u00f6bern auch durch mein eigenes Kochbuch bl\u00e4ttern. Aber das <a href=\"http:\/\/www.saal-digital.de\/fotoheft\/\">Fotoheft<\/a> eignet sich nicht nur f\u00fcr B\u00fccher. Da die Fotoqualit\u00e4t sehr gut ist k\u00f6nnt ihr es auch als Printversion eures Portfolios benutzen.<\/p>\n<p><a href=\"http:\/\/www.jo-der-koch.de\/wordpress\/wp-content\/uploads\/2017\/05\/saalbuch-2-von-3.jpg\"><img loading=\"lazy\" decoding=\"async\" class=\"aligncenter size-large wp-image-745\" src=\"http:\/\/www.jo-der-koch.de\/wordpress\/wp-content\/uploads\/2017\/05\/saalbuch-2-von-3-1024x681.jpg\" alt=\"\" width=\"740\" height=\"492\" srcset=\"http:\/\/www.jo-der-koch.de\/wordpress\/wp-content\/uploads\/2017\/05\/saalbuch-2-von-3-1024x681.jpg 1024w, http:\/\/www.jo-der-koch.de\/wordpress\/wp-content\/uploads\/2017\/05\/saalbuch-2-von-3-300x199.jpg 300w, http:\/\/www.jo-der-koch.de\/wordpress\/wp-content\/uploads\/2017\/05\/saalbuch-2-von-3-768x511.jpg 768w, http:\/\/www.jo-der-koch.de\/wordpress\/wp-content\/uploads\/2017\/05\/saalbuch-2-von-3-1440x957.jpg 1440w\" sizes=\"(max-width: 740px) 100vw, 740px\" \/><\/a><\/p>\n","protected":false},"excerpt":{"rendered":"<p>Im Moment ist es einfacher denn je an Rezepte und Inspiration zum Kochen zu kommen. Ob aus Blogs oder den einschl\u00e4gigen Rezeptewebsites, die Auswahl, aus der man aussuchen kann ist gro\u00df. Am liebsten schau ich aber immer noch in Kochb\u00fcchern. Wir haben bei uns ein eigenes Regal nur f\u00fcr Kochb\u00fccher, das allerdings schon ziemlich gef\u00fcllt [&hellip;]<\/p>\n","protected":false},"author":1,"featured_media":746,"comment_status":"open","ping_status":"open","sticky":false,"template":"","format":"standard","meta":{"footnotes":""},"categories":[1],"tags":[],"_links":{"self":[{"href":"http:\/\/www.jo-der-koch.de\/wordpress\/wp-json\/wp\/v2\/posts\/742"}],"collection":[{"href":"http:\/\/www.jo-der-koch.de\/wordpress\/wp-json\/wp\/v2\/posts"}],"about":[{"href":"http:\/\/www.jo-der-koch.de\/wordpress\/wp-json\/wp\/v2\/types\/post"}],"author":[{"embeddable":true,"href":"http:\/\/www.jo-der-koch.de\/wordpress\/wp-json\/wp\/v2\/users\/1"}],"replies":[{"embeddable":true,"href":"http:\/\/www.jo-der-koch.de\/wordpress\/wp-json\/wp\/v2\/comments?post=742"}],"version-history":[{"count":3,"href":"http:\/\/www.jo-der-koch.de\/wordpress\/wp-json\/wp\/v2\/posts\/742\/revisions"}],"predecessor-version":[{"id":748,"href":"http:\/\/www.jo-der-koch.de\/wordpress\/wp-json\/wp\/v2\/posts\/742\/revisions\/748"}],"wp:featuredmedia":[{"embeddable":true,"href":"http:\/\/www.jo-der-koch.de\/wordpress\/wp-json\/wp\/v2\/media\/746"}],"wp:attachment":[{"href":"http:\/\/www.jo-der-koch.de\/wordpress\/wp-json\/wp\/v2\/media?parent=742"}],"wp:term":[{"taxonomy":"category","embeddable":true,"href":"http:\/\/www.jo-der-koch.de\/wordpress\/wp-json\/wp\/v2\/categories?post=742"},{"taxonomy":"post_tag","embeddable":true,"href":"http:\/\/www.jo-der-koch.de\/wordpress\/wp-json\/wp\/v2\/tags?post=742"}],"curies":[{"name":"wp","href":"https:\/\/api.w.org\/{rel}","templated":true}]}}