{"id":407,"date":"2015-12-11T15:54:09","date_gmt":"2015-12-11T14:54:09","guid":{"rendered":"http:\/\/www.jo-der-koch.de\/wordpress\/?p=407"},"modified":"2015-12-11T15:54:09","modified_gmt":"2015-12-11T14:54:09","slug":"dry-aged-beef","status":"publish","type":"post","link":"http:\/\/www.jo-der-koch.de\/wordpress\/2015\/12\/11\/dry-aged-beef\/","title":{"rendered":"Dry Aged Beef"},"content":{"rendered":"<p><img loading=\"lazy\" decoding=\"async\" class=\"alignleft wp-image-429\" src=\"http:\/\/www.jo-der-koch.de\/wordpress\/wp-content\/uploads\/2015\/12\/image10-681x1024.jpeg\" alt=\"image\" width=\"366\" height=\"550\" srcset=\"http:\/\/www.jo-der-koch.de\/wordpress\/wp-content\/uploads\/2015\/12\/image10-681x1024.jpeg 681w, http:\/\/www.jo-der-koch.de\/wordpress\/wp-content\/uploads\/2015\/12\/image10-199x300.jpeg 199w, http:\/\/www.jo-der-koch.de\/wordpress\/wp-content\/uploads\/2015\/12\/image10-1440x2166.jpeg 1440w, http:\/\/www.jo-der-koch.de\/wordpress\/wp-content\/uploads\/2015\/12\/image10.jpeg 1536w\" sizes=\"(max-width: 366px) 100vw, 366px\" \/>Manchmal macht man Freunden Geschenke, die nicht ganz uneigenn\u00fctzig sind. So war es auch bei mir mit dem Beefer\u00a0und dem dazu passenden Dry Aged Beef vom <a href=\"http:\/\/www.metzgerei-schaefer.com\">Metzger des Vertrauens<\/a>. Der Reifeschrank steht direkt neben der Theke beim <a href=\"http:\/\/www.metzgerei-schaefer.com\/\">Metzger<\/a>, also hatte ich oft die Gelegenheit auf die Idee zu diesem Geschenk zu kommen.<\/p>\n<p>&nbsp;<\/p>\n<p>Ebenfalls bietet der direkte Blick einem auch die M\u00f6glichkeit dem Fleisch beim Reifen zuzuschauen. W\u00e4hrend der Reifezeit kann man genau sehen, wie das Fleisch an Wasser und somit an Gr\u00f6\u00dfe verliert. Auch kann man die Farbver\u00e4nderungen sehr gut sehen. Die Farbe wechselt vom typisch fleischigen Rot hin zu einem kr\u00e4ftigen Dunkelrot. In dieser Zeit verst\u00e4rkt sich auch das nat\u00fcrliche Fleischaroma.<img loading=\"lazy\" decoding=\"async\" class=\" wp-image-436 aligncenter\" src=\"http:\/\/www.jo-der-koch.de\/wordpress\/wp-content\/uploads\/2015\/12\/image17-1024x681.jpeg\" alt=\"image\" width=\"617\" height=\"410\" srcset=\"http:\/\/www.jo-der-koch.de\/wordpress\/wp-content\/uploads\/2015\/12\/image17-1024x681.jpeg 1024w, http:\/\/www.jo-der-koch.de\/wordpress\/wp-content\/uploads\/2015\/12\/image17-300x199.jpeg 300w, http:\/\/www.jo-der-koch.de\/wordpress\/wp-content\/uploads\/2015\/12\/image17-1440x958.jpeg 1440w\" sizes=\"(max-width: 617px) 100vw, 617px\" \/><\/p>\n<p>Hat man eines dieser stilecht verpackten St\u00fccke ergattert ist die Zubereitung im <img loading=\"lazy\" decoding=\"async\" class=\"wp-image-435 alignright\" src=\"http:\/\/www.jo-der-koch.de\/wordpress\/wp-content\/uploads\/2015\/12\/image16-681x1024.jpeg\" alt=\"image\" width=\"262\" height=\"394\" srcset=\"http:\/\/www.jo-der-koch.de\/wordpress\/wp-content\/uploads\/2015\/12\/image16-681x1024.jpeg 681w, http:\/\/www.jo-der-koch.de\/wordpress\/wp-content\/uploads\/2015\/12\/image16-199x300.jpeg 199w, http:\/\/www.jo-der-koch.de\/wordpress\/wp-content\/uploads\/2015\/12\/image16-1440x2166.jpeg 1440w, http:\/\/www.jo-der-koch.de\/wordpress\/wp-content\/uploads\/2015\/12\/image16.jpeg 1536w\" sizes=\"(max-width: 262px) 100vw, 262px\" \/>Prinzip ganz einfach. Das Fleisch mit einem K\u00fcchentuch abtupfen und vor dem Braten ein bisschen ruhen lassen. Salzen und pfeffern und fertig ist das\u00a0Fleisch zum Braten. Hier kam der Beef! Beefer bei uns zum Einsatz, den es beim <a href=\"http:\/\/www.metzgerei-schaefer.com\">Metzger des Vertrauens<\/a> zu leihen gibt. Wer grad keinen zur Hand hat kann nat\u00fcrlich auch seine Pfanne nehmen.\u00a0Nutzt ihr den Beefer m\u00fcsst ihr auf beide Seiten nur eine sch\u00f6ne Kruste grillen. W\u00e4hrend ihr das Fleisch grillt k\u00f6nnt ihr in den Auffangbeh\u00e4lter Butter und Kr\u00e4uter geben, sodass ihr am Ende eine perfekte Kr\u00e4uterbutter habt.<br \/>\nBenutzt ihr die Pfanne k\u00f6nnt ihr die Steaks in Butter anbraten und immer mal wieder Butter \u00fcber sie l\u00f6ffeln. Um die Garstufe eurer Wahl zu erreichen k\u00f6nnt ihr das Fleisch einfach in den Ofen packen. Vor dem Anschneiden solltet ihr es einen Moment ruhen lassen.<img loading=\"lazy\" decoding=\"async\" class=\"size-large wp-image-433 aligncenter\" src=\"http:\/\/www.jo-der-koch.de\/wordpress\/wp-content\/uploads\/2015\/12\/image14-681x1024.jpeg\" alt=\"image\" width=\"681\" height=\"1024\" srcset=\"http:\/\/www.jo-der-koch.de\/wordpress\/wp-content\/uploads\/2015\/12\/image14-681x1024.jpeg 681w, http:\/\/www.jo-der-koch.de\/wordpress\/wp-content\/uploads\/2015\/12\/image14-199x300.jpeg 199w, http:\/\/www.jo-der-koch.de\/wordpress\/wp-content\/uploads\/2015\/12\/image14-1440x2166.jpeg 1440w, http:\/\/www.jo-der-koch.de\/wordpress\/wp-content\/uploads\/2015\/12\/image14.jpeg 1536w\" sizes=\"(max-width: 681px) 100vw, 681px\" \/><\/p>\n<p><a href=\"http:\/\/www.jo-der-koch.de\/wordpress\/wp-content\/uploads\/2015\/12\/image15.jpeg\"><img loading=\"lazy\" decoding=\"async\" class=\" wp-image-434 alignleft\" src=\"http:\/\/www.jo-der-koch.de\/wordpress\/wp-content\/uploads\/2015\/12\/image15-681x1024.jpeg\" alt=\"image\" width=\"305\" height=\"459\" srcset=\"http:\/\/www.jo-der-koch.de\/wordpress\/wp-content\/uploads\/2015\/12\/image15-681x1024.jpeg 681w, http:\/\/www.jo-der-koch.de\/wordpress\/wp-content\/uploads\/2015\/12\/image15-199x300.jpeg 199w, http:\/\/www.jo-der-koch.de\/wordpress\/wp-content\/uploads\/2015\/12\/image15-1440x2166.jpeg 1440w, http:\/\/www.jo-der-koch.de\/wordpress\/wp-content\/uploads\/2015\/12\/image15.jpeg 1536w\" sizes=\"(max-width: 305px) 100vw, 305px\" \/><\/a>Als Beilage gab es buntes Herbstgem\u00fcse aus dem Ofen, Petersilienwurzel- und K\u00fcrbisspalten. Au\u00dferdem auch noch einen Feldsalat mit einer einfachen Vinaigrette. Die Beilage sollte nicht gegen das Fleisch spielen, da ja sein besonderer Geschmack im Vordergrund bleiben soll.<\/p>\n<p><img loading=\"lazy\" decoding=\"async\" class=\"alignright wp-image-432\" src=\"http:\/\/www.jo-der-koch.de\/wordpress\/wp-content\/uploads\/2015\/12\/image13-681x1024.jpeg\" alt=\"image\" width=\"286\" height=\"430\" srcset=\"http:\/\/www.jo-der-koch.de\/wordpress\/wp-content\/uploads\/2015\/12\/image13-681x1024.jpeg 681w, http:\/\/www.jo-der-koch.de\/wordpress\/wp-content\/uploads\/2015\/12\/image13-199x300.jpeg 199w, http:\/\/www.jo-der-koch.de\/wordpress\/wp-content\/uploads\/2015\/12\/image13-1440x2166.jpeg 1440w, http:\/\/www.jo-der-koch.de\/wordpress\/wp-content\/uploads\/2015\/12\/image13.jpeg 1536w\" sizes=\"(max-width: 286px) 100vw, 286px\" \/><\/p>\n<p>&nbsp;<\/p>\n<p>&nbsp;<\/p>\n<p>&nbsp;<\/p>\n<p>&nbsp;<\/p>\n<p>&nbsp;<\/p>\n<p>&nbsp;<\/p>\n<p>&nbsp;<\/p>\n<p>&nbsp;<\/p>\n<p>&nbsp;<\/p>\n<p>&nbsp;<\/p>\n<p>Also f\u00fcr all diejenigen, deren Metzger des Vertrauens noch kein Dry Aged Beef im Angebot hat empfehle ich den Gang zur <a href=\"http:\/\/www.metzgerei-schaefer.com\/\">Metzgerei Sch\u00e4fer<\/a>\u00a0in Dossenheim. Hier bekommt ihr nicht nur das leckere Beef, sondern k\u00f6nnt euch auch den Beefer ausleihen f\u00fcr ein besonderes Grillerlebnis.<\/p>\n<p><a href=\"http:\/\/www.jo-der-koch.de\/wordpress\/wp-content\/uploads\/2015\/12\/image11.jpeg\"><img loading=\"lazy\" decoding=\"async\" class=\"size-large wp-image-430 aligncenter\" src=\"http:\/\/www.jo-der-koch.de\/wordpress\/wp-content\/uploads\/2015\/12\/image11-1024x681.jpeg\" alt=\"image\" width=\"740\" height=\"492\" srcset=\"http:\/\/www.jo-der-koch.de\/wordpress\/wp-content\/uploads\/2015\/12\/image11-1024x681.jpeg 1024w, http:\/\/www.jo-der-koch.de\/wordpress\/wp-content\/uploads\/2015\/12\/image11-300x199.jpeg 300w, http:\/\/www.jo-der-koch.de\/wordpress\/wp-content\/uploads\/2015\/12\/image11-1440x958.jpeg 1440w\" sizes=\"(max-width: 740px) 100vw, 740px\" \/><\/a><\/p>\n<p>F\u00fcr all diejenigen, die nicht wissen, was der Beef Beefer ist hier mal die Kurzfassung: Ein Gasgrill, der eine Hitzefl\u00e4che besitzt, die bis zu 800 Grad Hitze liefert. Also perfekt geeignet um eine sch\u00f6ne Kruste auf Steaks zu brennen. Falls ihr euch es nicht so richtig vorstellen k\u00f6nnt gibt es das ganze noch mal in Zeitlupe.<\/p>\n<div style=\"width: 740px;\" class=\"wp-video\"><!--[if lt IE 9]><script>document.createElement('video');<\/script><![endif]-->\n<video class=\"wp-video-shortcode\" id=\"video-407-1\" width=\"740\" height=\"416\" preload=\"metadata\" controls=\"controls\"><source type=\"video\/mp4\" src=\"http:\/\/www.jo-der-koch.de\/wordpress\/wp-content\/uploads\/2015\/12\/Beef.mp4?_=1\" \/><a href=\"http:\/\/www.jo-der-koch.de\/wordpress\/wp-content\/uploads\/2015\/12\/Beef.mp4\">http:\/\/www.jo-der-koch.de\/wordpress\/wp-content\/uploads\/2015\/12\/Beef.mp4<\/a><\/video><\/div>\n","protected":false},"excerpt":{"rendered":"<p>Manchmal macht man Freunden Geschenke, die nicht ganz uneigenn\u00fctzig sind. So war es auch bei mir mit dem Beefer\u00a0und dem dazu passenden Dry Aged Beef vom Metzger des Vertrauens. Der Reifeschrank steht direkt neben der Theke beim Metzger, also hatte ich oft die Gelegenheit auf die Idee zu diesem Geschenk zu kommen. &nbsp; Ebenfalls bietet [&hellip;]<\/p>\n","protected":false},"author":1,"featured_media":431,"comment_status":"open","ping_status":"open","sticky":false,"template":"","format":"standard","meta":{"footnotes":""},"categories":[1,3,15,2],"tags":[],"_links":{"self":[{"href":"http:\/\/www.jo-der-koch.de\/wordpress\/wp-json\/wp\/v2\/posts\/407"}],"collection":[{"href":"http:\/\/www.jo-der-koch.de\/wordpress\/wp-json\/wp\/v2\/posts"}],"about":[{"href":"http:\/\/www.jo-der-koch.de\/wordpress\/wp-json\/wp\/v2\/types\/post"}],"author":[{"embeddable":true,"href":"http:\/\/www.jo-der-koch.de\/wordpress\/wp-json\/wp\/v2\/users\/1"}],"replies":[{"embeddable":true,"href":"http:\/\/www.jo-der-koch.de\/wordpress\/wp-json\/wp\/v2\/comments?post=407"}],"version-history":[{"count":7,"href":"http:\/\/www.jo-der-koch.de\/wordpress\/wp-json\/wp\/v2\/posts\/407\/revisions"}],"predecessor-version":[{"id":442,"href":"http:\/\/www.jo-der-koch.de\/wordpress\/wp-json\/wp\/v2\/posts\/407\/revisions\/442"}],"wp:featuredmedia":[{"embeddable":true,"href":"http:\/\/www.jo-der-koch.de\/wordpress\/wp-json\/wp\/v2\/media\/431"}],"wp:attachment":[{"href":"http:\/\/www.jo-der-koch.de\/wordpress\/wp-json\/wp\/v2\/media?parent=407"}],"wp:term":[{"taxonomy":"category","embeddable":true,"href":"http:\/\/www.jo-der-koch.de\/wordpress\/wp-json\/wp\/v2\/categories?post=407"},{"taxonomy":"post_tag","embeddable":true,"href":"http:\/\/www.jo-der-koch.de\/wordpress\/wp-json\/wp\/v2\/tags?post=407"}],"curies":[{"name":"wp","href":"https:\/\/api.w.org\/{rel}","templated":true}]}}