{"id":309,"date":"2015-09-01T11:33:36","date_gmt":"2015-09-01T10:33:36","guid":{"rendered":"http:\/\/www.jo-der-koch.de\/wordpress\/?p=309"},"modified":"2015-09-01T11:33:36","modified_gmt":"2015-09-01T10:33:36","slug":"cubanos","status":"publish","type":"post","link":"http:\/\/www.jo-der-koch.de\/wordpress\/2015\/09\/01\/cubanos\/","title":{"rendered":"Cubanos"},"content":{"rendered":"<p>Jeder kennt das: Man schaut sich was im Fernsehen an und bekommt Hunger, weil mal wieder nur gutes Essen gezeigt wird. Besonders schwer fand ich es bei einem meiner neuen Lieblingsfilme, <a href=\"http:\/\/chefthefilm.com\">&#8222;Kiss the Cook&#8220;<\/a>. Passend zum englischen Titel &#8222;Chef&#8220; habe ich mich dann auch als Koch versucht, indem ich eines der Signature Dishes des Films nachgekocht habe, Cubanos. Wie im Film habe auch ich meine ersten Cubanos f\u00fcr flei\u00dfige Helfer gemacht. Bei der Zubereitung solltet ihr darauf achten, dass die richtige Musik l\u00e4uft (bei mir war es Buena Vista Social Club) und ihr Cerveza, kein Bier, habt. So, da wir jetzt dir Rahmenbedingungen gekl\u00e4rt haben kommen wir zum Rezept.<\/p>\n<p>&nbsp;<\/p>\n<p><strong>Was du brauchst:\u00a0<\/strong><\/p>\n<p><a href=\"http:\/\/www.jo-der-koch.de\/wordpress\/wp-content\/uploads\/2015\/08\/image15.jpg\"><img loading=\"lazy\" decoding=\"async\" class=\"alignright  wp-image-321\" src=\"http:\/\/www.jo-der-koch.de\/wordpress\/wp-content\/uploads\/2015\/08\/image15-681x1024.jpg\" alt=\"image\" width=\"258\" height=\"388\" srcset=\"http:\/\/www.jo-der-koch.de\/wordpress\/wp-content\/uploads\/2015\/08\/image15-681x1024.jpg 681w, http:\/\/www.jo-der-koch.de\/wordpress\/wp-content\/uploads\/2015\/08\/image15-199x300.jpg 199w, http:\/\/www.jo-der-koch.de\/wordpress\/wp-content\/uploads\/2015\/08\/image15.jpg 1361w\" sizes=\"(max-width: 258px) 100vw, 258px\" \/><\/a>&#8211; Schweinenacken (ich hatte ca. 400g f\u00fcr 6 Sandwiches)<\/p>\n<p>&#8211; Orangen<\/p>\n<p>&#8211; Zitronen<\/p>\n<p>&#8211; Limetten<\/p>\n<p>&#8211; Br\u00f6tchen<\/p>\n<p>&#8211; Scheibenk\u00e4se (ich hatte Butterk\u00e4se)<\/p>\n<p>&#8211; Kochschinken<\/p>\n<p>&#8211; Minze<\/p>\n<p>&#8211; Senf<\/p>\n<p>&#8211; Butter<\/p>\n<p>&#8211; Zwiebel<\/p>\n<p>&#8211; Gew\u00fcrzgurken<\/p>\n<p>&nbsp;<\/p>\n<p><strong>Wie es geht:\u00a0<\/strong><\/p>\n<p><a href=\"http:\/\/www.jo-der-koch.de\/wordpress\/wp-content\/uploads\/2015\/08\/image16.jpg\"><img loading=\"lazy\" decoding=\"async\" class=\"  wp-image-322 alignleft\" src=\"http:\/\/www.jo-der-koch.de\/wordpress\/wp-content\/uploads\/2015\/08\/image16-1024x681.jpg\" alt=\"image\" width=\"346\" height=\"230\" srcset=\"http:\/\/www.jo-der-koch.de\/wordpress\/wp-content\/uploads\/2015\/08\/image16-1024x681.jpg 1024w, http:\/\/www.jo-der-koch.de\/wordpress\/wp-content\/uploads\/2015\/08\/image16-300x199.jpg 300w, http:\/\/www.jo-der-koch.de\/wordpress\/wp-content\/uploads\/2015\/08\/image16-1440x957.jpg 1440w, http:\/\/www.jo-der-koch.de\/wordpress\/wp-content\/uploads\/2015\/08\/image16.jpg 2048w\" sizes=\"(max-width: 346px) 100vw, 346px\" \/><\/a>Zuerst muss der Schweinenacken in den Ofen. Daf\u00fcr m\u00fcssen die Zwiebeln in grobe W\u00fcrfel geschnitten werden, zwei Zitronen ausgepresst werden und je zwei Zitronen und Orangen in Scheiben geschnitten werden. Der n\u00e4chste Schritt h\u00e4ngt davon ab, wie viel Zeit ihr euch lasst. Bei mehr Zeit k\u00f6nnt ihr das Fleisch noch ein bisschen im Zitronensaft , Orangensaft und den Fr\u00fcchten marinieren lassen. F\u00fcr alle mit schnellem Hunger\u00a0hei\u00dft es<a href=\"http:\/\/www.jo-der-koch.de\/wordpress\/wp-content\/uploads\/2015\/08\/image14.jpg\"><img loading=\"lazy\" decoding=\"async\" class=\"alignright  wp-image-320\" src=\"http:\/\/www.jo-der-koch.de\/wordpress\/wp-content\/uploads\/2015\/08\/image14-1024x681.jpg\" alt=\"image\" width=\"368\" height=\"245\" srcset=\"http:\/\/www.jo-der-koch.de\/wordpress\/wp-content\/uploads\/2015\/08\/image14-1024x681.jpg 1024w, http:\/\/www.jo-der-koch.de\/wordpress\/wp-content\/uploads\/2015\/08\/image14-300x199.jpg 300w, http:\/\/www.jo-der-koch.de\/wordpress\/wp-content\/uploads\/2015\/08\/image14-1440x957.jpg 1440w, http:\/\/www.jo-der-koch.de\/wordpress\/wp-content\/uploads\/2015\/08\/image14.jpg 2048w\" sizes=\"(max-width: 368px) 100vw, 368px\" \/><\/a> jetzt das Fleisch mit Salz, Pfeffer und Paprika w\u00fcrzen und von allen Seiten im Br\u00e4ter anbraten. Danach die Zwiebeln dazugeben und kurz r\u00f6sten, dann das Ganze mit dem Saft, den Fr\u00fcchten und ein paar Minzbl\u00e4ttern abl\u00f6schen und mit geschlossenem Deckel f\u00fcr ein bis zwei Stunden bei 160 Grad in den<br \/>\nOfen stecken. Nachdem das Fleisch gut ist (Kerntemperatur sollte bei ca. 75 Grad sein) k\u00f6nnt ihr es abk\u00fchlen lassen. Ich hatte es schon am Abend vorher gemacht und konnte es am n\u00e4chsten Tag gut mit der Maschine aufschneiden.<\/p>\n<p><img loading=\"lazy\" decoding=\"async\" class=\"  wp-image-315 alignleft\" src=\"http:\/\/www.jo-der-koch.de\/wordpress\/wp-content\/uploads\/2015\/08\/image9-681x1024.jpg\" alt=\"image\" width=\"225\" height=\"338\" \/><img loading=\"lazy\" decoding=\"async\" class=\"alignright  wp-image-316\" src=\"http:\/\/www.jo-der-koch.de\/wordpress\/wp-content\/uploads\/2015\/08\/image10-1024x681.jpg\" alt=\"image\" width=\"308\" height=\"205\" srcset=\"http:\/\/www.jo-der-koch.de\/wordpress\/wp-content\/uploads\/2015\/08\/image10-1024x681.jpg 1024w, http:\/\/www.jo-der-koch.de\/wordpress\/wp-content\/uploads\/2015\/08\/image10-300x199.jpg 300w, http:\/\/www.jo-der-koch.de\/wordpress\/wp-content\/uploads\/2015\/08\/image10-1440x957.jpg 1440w, http:\/\/www.jo-der-koch.de\/wordpress\/wp-content\/uploads\/2015\/08\/image10.jpg 2048w\" sizes=\"(max-width: 308px) 100vw, 308px\" \/>Nachdem das Fleisch auf dem Weg ist k\u00f6nnt ihr\u00a0euch jetzt der Mojo widmen. Hierf\u00fcr braucht ihr den Saft von einer Limette, einer Zitrone, Orangensaft, Zitronen- und Orangen Zesten\u00a0und Minze in feine Streifen geschnitten, Chiffonade. Das ganze in einer Sch\u00fcssel mit Salz und Pfeffer verr\u00fchren und zur Seite stellen. Ihr k\u00f6nnt die Mojo ganz nach Belieben abschmecken, ich hab noch ein bisschen Rohrzucker dazugemacht.<\/p>\n<p>So, da jetzt alles fertig ist, geht&#8217;s ans Belegen der Br\u00f6tchen. Die Unterseite mit Senf <img loading=\"lazy\" decoding=\"async\" class=\"  wp-image-319 alignright\" src=\"http:\/\/www.jo-der-koch.de\/wordpress\/wp-content\/uploads\/2015\/08\/image13-e1441056477548-681x1024.jpg\" alt=\"image\" width=\"220\" height=\"331\" srcset=\"http:\/\/www.jo-der-koch.de\/wordpress\/wp-content\/uploads\/2015\/08\/image13-e1441056477548.jpg 681w, http:\/\/www.jo-der-koch.de\/wordpress\/wp-content\/uploads\/2015\/08\/image13-e1441056477548-200x300.jpg 200w\" sizes=\"(max-width: 220px) 100vw, 220px\" \/>bestreichen und dann Kochschinken darauf. Auf den Kochschinken kommt dann der fertige Schweinenacken (ein bis zwei Scheibe, je nachdem wie dick ihr die Scheiben gemacht habt). Darauf k\u00f6nnt ihr dann einen Klecks Mojo geben, um den K\u00e4se anzukleben. Auf den K\u00e4se kommt dann wieder Mojo und <a href=\"http:\/\/www.jo-der-koch.de\/wordpress\/wp-content\/uploads\/2015\/08\/image12.jpg\"><img loading=\"lazy\" decoding=\"async\" class=\"  wp-image-318 alignleft\" src=\"http:\/\/www.jo-der-koch.de\/wordpress\/wp-content\/uploads\/2015\/08\/image12-681x1024.jpg\" alt=\"image\" width=\"301\" height=\"453\" srcset=\"http:\/\/www.jo-der-koch.de\/wordpress\/wp-content\/uploads\/2015\/08\/image12-681x1024.jpg 681w, http:\/\/www.jo-der-koch.de\/wordpress\/wp-content\/uploads\/2015\/08\/image12-199x300.jpg 199w, http:\/\/www.jo-der-koch.de\/wordpress\/wp-content\/uploads\/2015\/08\/image12.jpg 1361w\" sizes=\"(max-width: 301px) 100vw, 301px\" \/><\/a>die Gew\u00fcrzgurke, die ihr am Besten\u00a0l\u00e4ngs in Scheiben schneidet. Deckel drauf und ab auf den Grill. Da ich leider keinen so schicken Grill hab wie im Film, habe ich die Cubanos mit fl\u00fcssiger Butter auf beiden Seiten bestrichen und sie zwischen zwei Auflauf formen im Backofen gegrillt. Die oberste Form habe ich mit meiner Gu\u00dfpfanne beschwert, damit ich auch den Press-Effekt vom Original bekomme.<\/p>\n<p>Da sie nicht direkt gegessen wurden, habe ich sie einfach in Pergament verpackt und meinen Helfern \u00a0mitgenommen. Also, viel Spa\u00df beim Ausprobieren. Am besten schmecken sie frisch vom Grill oder aus dem Ofen. Falls ihr euch das Original oder die Inspiration noch einmal anschauen wollt, kann ich euch nur\u00a0<a href=\"http:\/\/chefthefilm.com\">&#8222;Kiss the Cook&#8220;<\/a>\u00a0empfehlen. Blo\u00df nicht hungrig schauen!<\/p>\n<p>&nbsp;<\/p>\n<p><a href=\"http:\/\/www.jo-der-koch.de\/wordpress\/wp-content\/uploads\/2015\/08\/image8-e1441056406278.jpg\"><img loading=\"lazy\" decoding=\"async\" class=\" size-large wp-image-314 aligncenter\" src=\"http:\/\/www.jo-der-koch.de\/wordpress\/wp-content\/uploads\/2015\/08\/image8-e1441056406278-681x1024.jpg\" alt=\"image\" width=\"681\" height=\"1024\" srcset=\"http:\/\/www.jo-der-koch.de\/wordpress\/wp-content\/uploads\/2015\/08\/image8-e1441056406278.jpg 681w, http:\/\/www.jo-der-koch.de\/wordpress\/wp-content\/uploads\/2015\/08\/image8-e1441056406278-200x300.jpg 200w\" sizes=\"(max-width: 681px) 100vw, 681px\" \/><\/a><\/p>\n<p>&nbsp;<\/p>\n","protected":false},"excerpt":{"rendered":"<p>Jeder kennt das: Man schaut sich was im Fernsehen an und bekommt Hunger, weil mal wieder nur gutes Essen gezeigt wird. Besonders schwer fand ich es bei einem meiner neuen Lieblingsfilme, &#8222;Kiss the Cook&#8220;. Passend zum englischen Titel &#8222;Chef&#8220; habe ich mich dann auch als Koch versucht, indem ich eines der Signature Dishes des Films [&hellip;]<\/p>\n","protected":false},"author":1,"featured_media":317,"comment_status":"open","ping_status":"open","sticky":false,"template":"","format":"standard","meta":{"footnotes":""},"categories":[1,15,2,5],"tags":[],"_links":{"self":[{"href":"http:\/\/www.jo-der-koch.de\/wordpress\/wp-json\/wp\/v2\/posts\/309"}],"collection":[{"href":"http:\/\/www.jo-der-koch.de\/wordpress\/wp-json\/wp\/v2\/posts"}],"about":[{"href":"http:\/\/www.jo-der-koch.de\/wordpress\/wp-json\/wp\/v2\/types\/post"}],"author":[{"embeddable":true,"href":"http:\/\/www.jo-der-koch.de\/wordpress\/wp-json\/wp\/v2\/users\/1"}],"replies":[{"embeddable":true,"href":"http:\/\/www.jo-der-koch.de\/wordpress\/wp-json\/wp\/v2\/comments?post=309"}],"version-history":[{"count":6,"href":"http:\/\/www.jo-der-koch.de\/wordpress\/wp-json\/wp\/v2\/posts\/309\/revisions"}],"predecessor-version":[{"id":324,"href":"http:\/\/www.jo-der-koch.de\/wordpress\/wp-json\/wp\/v2\/posts\/309\/revisions\/324"}],"wp:featuredmedia":[{"embeddable":true,"href":"http:\/\/www.jo-der-koch.de\/wordpress\/wp-json\/wp\/v2\/media\/317"}],"wp:attachment":[{"href":"http:\/\/www.jo-der-koch.de\/wordpress\/wp-json\/wp\/v2\/media?parent=309"}],"wp:term":[{"taxonomy":"category","embeddable":true,"href":"http:\/\/www.jo-der-koch.de\/wordpress\/wp-json\/wp\/v2\/categories?post=309"},{"taxonomy":"post_tag","embeddable":true,"href":"http:\/\/www.jo-der-koch.de\/wordpress\/wp-json\/wp\/v2\/tags?post=309"}],"curies":[{"name":"wp","href":"https:\/\/api.w.org\/{rel}","templated":true}]}}