{"id":254,"date":"2015-07-21T13:23:04","date_gmt":"2015-07-21T12:23:04","guid":{"rendered":"http:\/\/www.jo-der-koch.de\/wordpress\/?p=254"},"modified":"2015-07-22T06:25:58","modified_gmt":"2015-07-22T05:25:58","slug":"kochkurs-mt-heiko-antoniewicz","status":"publish","type":"post","link":"http:\/\/www.jo-der-koch.de\/wordpress\/2015\/07\/21\/kochkurs-mt-heiko-antoniewicz\/","title":{"rendered":"Kochkurs mit Heiko Antoniewicz"},"content":{"rendered":"<p>Dank Maik von <a href=\"http:\/\/www.langweiledich.net\">Langweiledich.net<\/a> war ich letzten Samstag bei der <a href=\"http:\/\/www.aeg.de\/tasteacademy\/\">AEG Taste Academy<\/a> in Speyer. Thema war das Flavour Pairing. Nachdem ich den <a href=\"https:\/\/www.youtube.com\/watch?v=AzYlkRjDcaQ&amp;ab_channel=AEGDeutschland\">Trailer<\/a> bestimmt ein Dutzend mal geschaut habe, habe ich mich schon richtig gefreut als es dann endlich los ging.<\/p>\n<p>Zur Einstimmung gab es erst mal Fingerfood:<\/p>\n<p><img loading=\"lazy\" decoding=\"async\" class=\" size-medium wp-image-257 alignleft\" src=\"http:\/\/www.jo-der-koch.de\/wordpress\/wp-content\/uploads\/2015\/07\/image12-300x199.jpg\" alt=\"image\" width=\"300\" height=\"199\" srcset=\"http:\/\/www.jo-der-koch.de\/wordpress\/wp-content\/uploads\/2015\/07\/image12-300x199.jpg 300w, http:\/\/www.jo-der-koch.de\/wordpress\/wp-content\/uploads\/2015\/07\/image12-1024x681.jpg 1024w, http:\/\/www.jo-der-koch.de\/wordpress\/wp-content\/uploads\/2015\/07\/image12-1440x957.jpg 1440w, http:\/\/www.jo-der-koch.de\/wordpress\/wp-content\/uploads\/2015\/07\/image12.jpg 2048w\" sizes=\"(max-width: 300px) 100vw, 300px\" \/><\/p>\n<p><img loading=\"lazy\" decoding=\"async\" class=\"alignright size-medium wp-image-256\" src=\"http:\/\/www.jo-der-koch.de\/wordpress\/wp-content\/uploads\/2015\/07\/image11-199x300.jpg\" alt=\"image\" width=\"199\" height=\"300\" srcset=\"http:\/\/www.jo-der-koch.de\/wordpress\/wp-content\/uploads\/2015\/07\/image11-199x300.jpg 199w, http:\/\/www.jo-der-koch.de\/wordpress\/wp-content\/uploads\/2015\/07\/image11-681x1024.jpg 681w, http:\/\/www.jo-der-koch.de\/wordpress\/wp-content\/uploads\/2015\/07\/image11.jpg 1361w\" sizes=\"(max-width: 199px) 100vw, 199px\" \/>Es gab zuerst ein Tatar mit Lavendel, dazu eine Br\u00fche mit Gin und Gurkenw\u00fcrfeln. Als n\u00e4chstes gab es einen kleinen Goldschatz, Garnelen mit Mandelmilch.<\/p>\n<p>So gest\u00e4rkt konnten wir dann in die K\u00fcche, wo der erste <em>Flight<\/em> zubereitet wurde. Vorgestellt wurde uns Heiko Antoniewicz unter anderem als Professor der K\u00fcche oder als lebendiges K\u00fcchenlexikon. Das zeigte er auch ab dem ersten Gang. Neben allerlei Neuem, haupts\u00e4chlich aus dem Bereich des \u00a0Flavour Pairing, gab es auch viel zum molekularen Kochen und dem Sous Vide\u00a0Garen. Es konnte aber auch mit einigen alten, falschen Angewohnheiten aufger\u00e4umt werden. Aber dazu sp\u00e4ter mehr.<\/p>\n<p>Als ersten <em>Flight<\/em> gab es laut Karte: Lakritz \/ Lachs \/ Kaffee\u00f6l. In das Gericht sind wir gestartet mit dem Lakritzkaviar, der aus einer Lakritzmarinade und Basilikumsamen besteht. Wichtig ist hier, das Ganze nicht zu lange ziehen zu lassen, sonst gibt es Lakritzmatsch. Auch ist die Auswahl des <em>Lakrids\u00a0<\/em>wichtig.\u00a0Die Gurkenspaghetti wurden einfach mit einem Spaghettisch\u00e4ler gemacht und mit ein bisschen Limetten\u00f6l\u00a0und Limettenabrieb vakuumiert.<\/p>\n<p><a href=\"http:\/\/www.jo-der-koch.de\/wordpress\/wp-content\/uploads\/2015\/07\/image15.jpg\"><img loading=\"lazy\" decoding=\"async\" class=\" size-large wp-image-260 aligncenter\" src=\"http:\/\/www.jo-der-koch.de\/wordpress\/wp-content\/uploads\/2015\/07\/image15-681x1024.jpg\" alt=\"image\" width=\"681\" height=\"1024\" srcset=\"http:\/\/www.jo-der-koch.de\/wordpress\/wp-content\/uploads\/2015\/07\/image15-681x1024.jpg 681w, http:\/\/www.jo-der-koch.de\/wordpress\/wp-content\/uploads\/2015\/07\/image15-199x300.jpg 199w, http:\/\/www.jo-der-koch.de\/wordpress\/wp-content\/uploads\/2015\/07\/image15.jpg 1361w\" sizes=\"(max-width: 681px) 100vw, 681px\" \/><\/a><\/p>\n<p>Spannend wurde es dann f\u00fcr uns Hobbyk\u00f6che als die Wasabi-Sauerrahm-Perlen hergestellt wurden. Wie es geht? Ganz einfach die Masse in eine Spritzflasche f\u00fcllen und in fl\u00fcssigen Stickstoff tropfen.<img loading=\"lazy\" decoding=\"async\" class=\" size-medium wp-image-259 alignleft\" src=\"http:\/\/www.jo-der-koch.de\/wordpress\/wp-content\/uploads\/2015\/07\/image14-199x300.jpg\" alt=\"image\" width=\"199\" height=\"300\" srcset=\"http:\/\/www.jo-der-koch.de\/wordpress\/wp-content\/uploads\/2015\/07\/image14-199x300.jpg 199w, http:\/\/www.jo-der-koch.de\/wordpress\/wp-content\/uploads\/2015\/07\/image14-681x1024.jpg 681w, http:\/\/www.jo-der-koch.de\/wordpress\/wp-content\/uploads\/2015\/07\/image14.jpg 1361w\" sizes=\"(max-width: 199px) 100vw, 199px\" \/><\/p>\n<p><img loading=\"lazy\" decoding=\"async\" class=\"alignright size-medium wp-image-261\" src=\"http:\/\/www.jo-der-koch.de\/wordpress\/wp-content\/uploads\/2015\/07\/image16-199x300.jpg\" alt=\"image\" width=\"199\" height=\"300\" srcset=\"http:\/\/www.jo-der-koch.de\/wordpress\/wp-content\/uploads\/2015\/07\/image16-199x300.jpg 199w, http:\/\/www.jo-der-koch.de\/wordpress\/wp-content\/uploads\/2015\/07\/image16-681x1024.jpg 681w, http:\/\/www.jo-der-koch.de\/wordpress\/wp-content\/uploads\/2015\/07\/image16.jpg 1361w\" sizes=\"(max-width: 199px) 100vw, 199px\" \/>Sieht einfach aus? Ist es auch. Man muss nur darauf achten, gleichm\u00e4\u00dfige Tropfen zu machen. Den fl\u00fcssigen Stickstoff haben wir doch alle zu Hause, oder? Da die K\u00fcgelchen extrem gek\u00fchlt werden, kann man sie nach dem kalt\u00a0kochen einfach in die Hand nehmen, muss sogar darauf achten keine K\u00e4lteverbrennung zu bekommen. Abgerundet wurde das Gericht noch mit Lakridscranulat und etwas Rauch aus der Smokegun. Den Rauch lieferten Sp\u00e4ne von alten Scotchf\u00e4ssern.<\/p>\n<p>&nbsp;<\/p>\n<p><a href=\"http:\/\/www.jo-der-koch.de\/wordpress\/wp-content\/uploads\/2015\/07\/image17.jpg\"><img loading=\"lazy\" decoding=\"async\" class=\" size-large wp-image-262 aligncenter\" src=\"http:\/\/www.jo-der-koch.de\/wordpress\/wp-content\/uploads\/2015\/07\/image17-1024x681.jpg\" alt=\"image\" width=\"740\" height=\"492\" srcset=\"http:\/\/www.jo-der-koch.de\/wordpress\/wp-content\/uploads\/2015\/07\/image17-1024x681.jpg 1024w, http:\/\/www.jo-der-koch.de\/wordpress\/wp-content\/uploads\/2015\/07\/image17-300x199.jpg 300w, http:\/\/www.jo-der-koch.de\/wordpress\/wp-content\/uploads\/2015\/07\/image17-1440x957.jpg 1440w, http:\/\/www.jo-der-koch.de\/wordpress\/wp-content\/uploads\/2015\/07\/image17.jpg 2048w\" sizes=\"(max-width: 740px) 100vw, 740px\" \/><\/a>So pr\u00e4sentiert sich dann das Gericht nachdem die Cloche mit dem Rauch gehoben wurde. Bevor ihr anfangt, das Kaffee\u00f6l zu suchen, es war im Vakuumbeutel beim Lachs.<\/p>\n<p>Damit zwischendurch nicht die M\u00e4gen zu laut knurrten gab es noch ein Sauerteigbrot, das mit Oliven aromatisiert wurde. Dazu einen kleinen H\u00fcttenk\u00e4se mit Tomate. Das Brot hatte neben einer perfekten Kruste ein luftiges Inneres und einen hervorragenden Geschmack.<\/p>\n<p><a href=\"http:\/\/www.jo-der-koch.de\/wordpress\/wp-content\/uploads\/2015\/07\/image13.jpg\"><img loading=\"lazy\" decoding=\"async\" class=\" size-large wp-image-258 aligncenter\" src=\"http:\/\/www.jo-der-koch.de\/wordpress\/wp-content\/uploads\/2015\/07\/image13-1024x681.jpg\" alt=\"image\" width=\"740\" height=\"492\" srcset=\"http:\/\/www.jo-der-koch.de\/wordpress\/wp-content\/uploads\/2015\/07\/image13-1024x681.jpg 1024w, http:\/\/www.jo-der-koch.de\/wordpress\/wp-content\/uploads\/2015\/07\/image13-300x199.jpg 300w, http:\/\/www.jo-der-koch.de\/wordpress\/wp-content\/uploads\/2015\/07\/image13-1440x957.jpg 1440w, http:\/\/www.jo-der-koch.de\/wordpress\/wp-content\/uploads\/2015\/07\/image13.jpg 2048w\" sizes=\"(max-width: 740px) 100vw, 740px\" \/><\/a><\/p>\n<p>&nbsp;<\/p>\n<p><img loading=\"lazy\" decoding=\"async\" class=\"alignright size-medium wp-image-263\" src=\"http:\/\/www.jo-der-koch.de\/wordpress\/wp-content\/uploads\/2015\/07\/image18-300x199.jpg\" alt=\"image\" width=\"300\" height=\"199\" srcset=\"http:\/\/www.jo-der-koch.de\/wordpress\/wp-content\/uploads\/2015\/07\/image18-300x199.jpg 300w, http:\/\/www.jo-der-koch.de\/wordpress\/wp-content\/uploads\/2015\/07\/image18-1024x681.jpg 1024w, http:\/\/www.jo-der-koch.de\/wordpress\/wp-content\/uploads\/2015\/07\/image18-1440x957.jpg 1440w, http:\/\/www.jo-der-koch.de\/wordpress\/wp-content\/uploads\/2015\/07\/image18.jpg 2048w\" sizes=\"(max-width: 300px) 100vw, 300px\" \/>Als zweiten\u00a0<em>Flight\u00a0<\/em> gab es Tomate \/ Avocado \/ Schwarztee. Zu diesem Gericht wurde\u00a0gleich mal mit einem alten\u00a0Vorurteil aufger\u00e4umt. Wie viele andere auch habe auch ich in der Lehrzeit gelernt, das Kerngeh\u00e4use aus den Tomaten zu entfernen. Meistens ist es dann in den Fond gewandert. Heiko Antoniewicz benutzt, wie andere K\u00f6cher mittlerweile auch, die Kerngeh\u00e4use, da sie besonders geschmackvoll sind. Die Avocado wurde mit der Tomate und Agar Agar als Kleber zu einem Riegel verarbeitet.<\/p>\n<p>Als n\u00e4chstes folgte wieder ein kleiner Ausflug in die Hexenk\u00fcche \/ molekulare K\u00fcche. Bestimmt habt ihr euch schon immer gefragt, wie ihr eurem Mousse eine sch\u00f6ne Textur und einen guten Stand geben k\u00f6nnt. Das Geheimnis in unserem Fall ist fl\u00fcssiger Stickstoff. Die Grundmasse f\u00fcr den wei\u00dfen Tomatenschaum kam in die R\u00fchrsch\u00fcssel und wurde angeschlagen, dann einfach den Stickstoff dazu gie\u00dfen. Wichtig ist an dieser Stelle die Kamera bereitzuhalten, es sieht echt einmalig aus.<\/p>\n<p><a href=\"http:\/\/www.jo-der-koch.de\/wordpress\/wp-content\/uploads\/2015\/07\/image19.jpg\"><img loading=\"lazy\" decoding=\"async\" class=\" size-large wp-image-264 aligncenter\" src=\"http:\/\/www.jo-der-koch.de\/wordpress\/wp-content\/uploads\/2015\/07\/image19-681x1024.jpg\" alt=\"image\" width=\"681\" height=\"1024\" srcset=\"http:\/\/www.jo-der-koch.de\/wordpress\/wp-content\/uploads\/2015\/07\/image19-681x1024.jpg 681w, http:\/\/www.jo-der-koch.de\/wordpress\/wp-content\/uploads\/2015\/07\/image19-199x300.jpg 199w, http:\/\/www.jo-der-koch.de\/wordpress\/wp-content\/uploads\/2015\/07\/image19.jpg 1361w\" sizes=\"(max-width: 681px) 100vw, 681px\" \/><\/a><\/p>\n<p>&nbsp;<\/p>\n<p>Nachdem sich der Dampf gelegt hatte, wurden dann alle Komponenten auf einem Teller angerichtet. Zu dem, was ich euch bis jetzt erz\u00e4hlt habe, kamen noch eine sehr einfache Guacamole, ein paar getrocknete Tomaten und mit ein wenig \u00d6l ger\u00f6stete Erdn\u00fcsse.<\/p>\n<p><a href=\"http:\/\/www.jo-der-koch.de\/wordpress\/wp-content\/uploads\/2015\/07\/image20.jpg\"><img loading=\"lazy\" decoding=\"async\" class=\" size-large wp-image-265 aligncenter\" src=\"http:\/\/www.jo-der-koch.de\/wordpress\/wp-content\/uploads\/2015\/07\/image20-681x1024.jpg\" alt=\"image\" width=\"681\" height=\"1024\" srcset=\"http:\/\/www.jo-der-koch.de\/wordpress\/wp-content\/uploads\/2015\/07\/image20-681x1024.jpg 681w, http:\/\/www.jo-der-koch.de\/wordpress\/wp-content\/uploads\/2015\/07\/image20-199x300.jpg 199w, http:\/\/www.jo-der-koch.de\/wordpress\/wp-content\/uploads\/2015\/07\/image20.jpg 1361w\" sizes=\"(max-width: 681px) 100vw, 681px\" \/><\/a><\/p>\n<p>&nbsp;<\/p>\n<p>So frisch gest\u00e4rkt gingen wir zum dritten\u00a0<em>Flight,\u00a0<\/em>Schellfisch \/ Rettich \/ Minze \/ Senf. Dieses Mal ging es mit der Zubereitung ganz fix. Der Fisch kam aus dem Sous Vide Beutel, der Krustentierfond wurde auch im Sous Vide Verfahren gekocht und mit Sahne verfeinert. Das Rettich-Gem\u00fcse bestand aus wei\u00dfem Rettich und Radieschen. Mit einer guten Hand voll frischer Minze wurde dann das Gericht komplettiert.<\/p>\n<p><a href=\"http:\/\/www.jo-der-koch.de\/wordpress\/wp-content\/uploads\/2015\/07\/image22.jpg\"><img loading=\"lazy\" decoding=\"async\" class=\" size-large wp-image-267 aligncenter\" src=\"http:\/\/www.jo-der-koch.de\/wordpress\/wp-content\/uploads\/2015\/07\/image22-681x1024.jpg\" alt=\"image\" width=\"681\" height=\"1024\" srcset=\"http:\/\/www.jo-der-koch.de\/wordpress\/wp-content\/uploads\/2015\/07\/image22-681x1024.jpg 681w, http:\/\/www.jo-der-koch.de\/wordpress\/wp-content\/uploads\/2015\/07\/image22-199x300.jpg 199w, http:\/\/www.jo-der-koch.de\/wordpress\/wp-content\/uploads\/2015\/07\/image22.jpg 1361w\" sizes=\"(max-width: 681px) 100vw, 681px\" \/><\/a><br \/>\n<a href=\"http:\/\/www.jo-der-koch.de\/wordpress\/wp-content\/uploads\/2015\/07\/image23.jpg\"><img loading=\"lazy\" decoding=\"async\" class=\"alignright size-medium wp-image-268\" src=\"http:\/\/www.jo-der-koch.de\/wordpress\/wp-content\/uploads\/2015\/07\/image23-199x300.jpg\" alt=\"image\" width=\"199\" height=\"300\" srcset=\"http:\/\/www.jo-der-koch.de\/wordpress\/wp-content\/uploads\/2015\/07\/image23-199x300.jpg 199w, http:\/\/www.jo-der-koch.de\/wordpress\/wp-content\/uploads\/2015\/07\/image23-681x1024.jpg 681w, http:\/\/www.jo-der-koch.de\/wordpress\/wp-content\/uploads\/2015\/07\/image23.jpg 1361w\" sizes=\"(max-width: 199px) 100vw, 199px\" \/><\/a>Als vierten\u00a0<em>Flight\u00a0<\/em>gab es Ente \/ Grapefruit \/ Schokolade. Die Ente wurde zusammen mit <img loading=\"lazy\" decoding=\"async\" class=\" size-medium wp-image-269 alignleft\" src=\"http:\/\/www.jo-der-koch.de\/wordpress\/wp-content\/uploads\/2015\/07\/image24-300x199.jpg\" alt=\"image\" width=\"300\" height=\"199\" srcset=\"http:\/\/www.jo-der-koch.de\/wordpress\/wp-content\/uploads\/2015\/07\/image24-300x199.jpg 300w, http:\/\/www.jo-der-koch.de\/wordpress\/wp-content\/uploads\/2015\/07\/image24-1024x681.jpg 1024w, http:\/\/www.jo-der-koch.de\/wordpress\/wp-content\/uploads\/2015\/07\/image24-1440x957.jpg 1440w, http:\/\/www.jo-der-koch.de\/wordpress\/wp-content\/uploads\/2015\/07\/image24.jpg 2048w\" sizes=\"(max-width: 300px) 100vw, 300px\" \/>Purple Curry im Sous Vide Verfahren gegart und danach scharf angebraten. Neben der Entenbrust gab es auch noch Entenkeule, die mit Mole, einem mexikanischem Gew\u00fcrz, zubereitet wurde. Neben Sellerie brunoise gab es als weitere Beilage S\u00fc\u00dfkartoffelp\u00fcree und, wie sollte es anders auch sein, wurde es im Sous Vide Beutel gegart. Hier zeigte sich mal wieder das gro\u00dfe Wissen von Heiko Antoniewicz, der uns beibrachte, dass die S\u00fc\u00dfkartoffel Fl\u00fcssigkeit zieht. Da es bei diesem Gericht wieder viele Komponenten gab, legten auch wir Kursteilnehmer ordentlich Hand an. Neben dem bis jetzt genannten gab es noch Grapefruitkugeln und Grapefruitfilets. Letztere wurden, wie ihr seht, sehr fachgerecht auf den Tellern platziert. Komplett angerichtet sah das Ganze dann so aus:<\/p>\n<p><a href=\"http:\/\/www.jo-der-koch.de\/wordpress\/wp-content\/uploads\/2015\/07\/image26.jpg\"><img loading=\"lazy\" decoding=\"async\" class=\" size-large wp-image-271 aligncenter\" src=\"http:\/\/www.jo-der-koch.de\/wordpress\/wp-content\/uploads\/2015\/07\/image26-681x1024.jpg\" alt=\"image\" width=\"681\" height=\"1024\" srcset=\"http:\/\/www.jo-der-koch.de\/wordpress\/wp-content\/uploads\/2015\/07\/image26-681x1024.jpg 681w, http:\/\/www.jo-der-koch.de\/wordpress\/wp-content\/uploads\/2015\/07\/image26-199x300.jpg 199w, http:\/\/www.jo-der-koch.de\/wordpress\/wp-content\/uploads\/2015\/07\/image26.jpg 1361w\" sizes=\"(max-width: 681px) 100vw, 681px\" \/><\/a><\/p>\n<p>&nbsp;<\/p>\n<p>&nbsp;<\/p>\n<p><a href=\"http:\/\/www.jo-der-koch.de\/wordpress\/wp-content\/uploads\/2015\/07\/image27.jpg\"><img loading=\"lazy\" decoding=\"async\" class=\"alignright size-medium wp-image-272\" src=\"http:\/\/www.jo-der-koch.de\/wordpress\/wp-content\/uploads\/2015\/07\/image27-199x300.jpg\" alt=\"image\" width=\"199\" height=\"300\" srcset=\"http:\/\/www.jo-der-koch.de\/wordpress\/wp-content\/uploads\/2015\/07\/image27-199x300.jpg 199w, http:\/\/www.jo-der-koch.de\/wordpress\/wp-content\/uploads\/2015\/07\/image27-681x1024.jpg 681w, http:\/\/www.jo-der-koch.de\/wordpress\/wp-content\/uploads\/2015\/07\/image27.jpg 1361w\" sizes=\"(max-width: 199px) 100vw, 199px\" \/><\/a>Als letzte\u00a0<em>Flight\u00a0<\/em>gab es dann Banane \/ Weizenbier \/ Curry \/ Hafer. Auch wenn es zuerst nicht danach klingt war das der Dessertgang. Die Banane war, ihr ahnt es schon, Sous Vide gegart zusammen mit Curry. Dazu gab es ein Petersilien-Bananen-Eis frisch aus dem Paco Jet. Ich bin normalerweise nicht so der Bananenfan, aber in dieser Kombination hat es echt super geschmeckt. Auch die Weizenbierkomponente kam richtig gut zur Geltung. Bis auf das Eis aus dem Paco Jet kann man dieses Dessert einfach zu Hause nachmachen. Die kleinen, gr\u00fcnen Kleckse waren s\u00fc\u00dfes Petersilienpesto.<\/p>\n<p>&nbsp;<\/p>\n<p>&nbsp;<\/p>\n<p><a href=\"http:\/\/www.jo-der-koch.de\/wordpress\/wp-content\/uploads\/2015\/07\/image28.jpg\"><img loading=\"lazy\" decoding=\"async\" class=\" size-large wp-image-273 aligncenter\" src=\"http:\/\/www.jo-der-koch.de\/wordpress\/wp-content\/uploads\/2015\/07\/image28-681x1024.jpg\" alt=\"image\" width=\"681\" height=\"1024\" srcset=\"http:\/\/www.jo-der-koch.de\/wordpress\/wp-content\/uploads\/2015\/07\/image28-681x1024.jpg 681w, http:\/\/www.jo-der-koch.de\/wordpress\/wp-content\/uploads\/2015\/07\/image28-199x300.jpg 199w, http:\/\/www.jo-der-koch.de\/wordpress\/wp-content\/uploads\/2015\/07\/image28.jpg 1361w\" sizes=\"(max-width: 681px) 100vw, 681px\" \/><\/a><\/p>\n<p>&nbsp;<\/p>\n<p>&nbsp;<\/p>\n<p><a href=\"http:\/\/www.jo-der-koch.de\/wordpress\/wp-content\/uploads\/2015\/07\/image25.jpg\"><img loading=\"lazy\" decoding=\"async\" class=\" size-medium wp-image-270 alignleft\" src=\"http:\/\/www.jo-der-koch.de\/wordpress\/wp-content\/uploads\/2015\/07\/image25-300x199.jpg\" alt=\"image\" width=\"300\" height=\"199\" srcset=\"http:\/\/www.jo-der-koch.de\/wordpress\/wp-content\/uploads\/2015\/07\/image25-300x199.jpg 300w, http:\/\/www.jo-der-koch.de\/wordpress\/wp-content\/uploads\/2015\/07\/image25-1024x681.jpg 1024w, http:\/\/www.jo-der-koch.de\/wordpress\/wp-content\/uploads\/2015\/07\/image25-1440x957.jpg 1440w, http:\/\/www.jo-der-koch.de\/wordpress\/wp-content\/uploads\/2015\/07\/image25.jpg 2048w\" sizes=\"(max-width: 300px) 100vw, 300px\" \/><\/a>Alles in allem war dieser\u00a0<em>Flight\u00a0<\/em> ein sehr gelungener Abschluss f\u00fcr einen sehr sch\u00f6nen Abend. Das Team rund um Heiko Antoniewicz war sehr gut gelaunt und hat mit seiner lockeren Art auch anspruchsvolle Techniken verst\u00e4ndlich und schmackhaft r\u00fcbergebracht. Man hat gemerkt, dass alle mit Leib und Seele K\u00f6che sind und ihre Zutaten respektieren und kritisch <img loading=\"lazy\" decoding=\"async\" class=\"alignright size-medium wp-image-275\" src=\"http:\/\/www.jo-der-koch.de\/wordpress\/wp-content\/uploads\/2015\/07\/image30-199x300.jpg\" alt=\"image\" width=\"199\" height=\"300\" srcset=\"http:\/\/www.jo-der-koch.de\/wordpress\/wp-content\/uploads\/2015\/07\/image30-199x300.jpg 199w, http:\/\/www.jo-der-koch.de\/wordpress\/wp-content\/uploads\/2015\/07\/image30-681x1024.jpg 681w, http:\/\/www.jo-der-koch.de\/wordpress\/wp-content\/uploads\/2015\/07\/image30.jpg 1361w\" sizes=\"(max-width: 199px) 100vw, 199px\" \/>ausw\u00e4hlen. Ich w\u00fcrde jederzeit wieder einen Kurs besuchen, vielleicht einen l\u00e4ngeren, bei dem dann mehr in allen Bereichen selbst\u00a0angepackt wird. Jedenfalls ist die erste Zutatenbestellung schon auf dem Weg zu mir, sodass ich hoffe, euch bald mal etwas<br \/>\nNeues pr\u00e4sentieren zu k\u00f6nnen. F\u00fcr die Leseratten unter euch hat Heiko Antoniewicz auch mehrere B\u00fccher geschrieben. Falls ihr Lust bekommen habt auf einen Kurs, schaut doch mal bei der <a href=\"http:\/\/www.aeg.de\/tasteacademy\/\">Taste Academy<\/a> vorbei ob es auch was f\u00fcr euch gibt. Falls ihr wissen wollt, wie es bei <a href=\"http:\/\/www.aeg.de\/tasteacademy\/nose-to-tail\/\">Nose to Tail<\/a> war, schaut doch einfach bei <a href=\"http:\/\/www.langweiledich.net\/alleine-unter-food-bloggern\/\">langweiledich.net<\/a> rein, da findet ihr einen Bericht von Maik, wie es bei dem Event war. Also: viel Spa\u00df beim selber Erforschen und Entdecken.<\/p>\n<p>&nbsp;<\/p>\n","protected":false},"excerpt":{"rendered":"<p>Dank Maik von Langweiledich.net war ich letzten Samstag bei der AEG Taste Academy in Speyer. Thema war das Flavour Pairing. Nachdem ich den Trailer bestimmt ein Dutzend mal geschaut habe, habe ich mich schon richtig gefreut als es dann endlich los ging. Zur Einstimmung gab es erst mal Fingerfood: Es gab zuerst ein Tatar mit [&hellip;]<\/p>\n","protected":false},"author":1,"featured_media":266,"comment_status":"open","ping_status":"open","sticky":false,"template":"","format":"standard","meta":{"footnotes":""},"categories":[1],"tags":[],"_links":{"self":[{"href":"http:\/\/www.jo-der-koch.de\/wordpress\/wp-json\/wp\/v2\/posts\/254"}],"collection":[{"href":"http:\/\/www.jo-der-koch.de\/wordpress\/wp-json\/wp\/v2\/posts"}],"about":[{"href":"http:\/\/www.jo-der-koch.de\/wordpress\/wp-json\/wp\/v2\/types\/post"}],"author":[{"embeddable":true,"href":"http:\/\/www.jo-der-koch.de\/wordpress\/wp-json\/wp\/v2\/users\/1"}],"replies":[{"embeddable":true,"href":"http:\/\/www.jo-der-koch.de\/wordpress\/wp-json\/wp\/v2\/comments?post=254"}],"version-history":[{"count":11,"href":"http:\/\/www.jo-der-koch.de\/wordpress\/wp-json\/wp\/v2\/posts\/254\/revisions"}],"predecessor-version":[{"id":287,"href":"http:\/\/www.jo-der-koch.de\/wordpress\/wp-json\/wp\/v2\/posts\/254\/revisions\/287"}],"wp:featuredmedia":[{"embeddable":true,"href":"http:\/\/www.jo-der-koch.de\/wordpress\/wp-json\/wp\/v2\/media\/266"}],"wp:attachment":[{"href":"http:\/\/www.jo-der-koch.de\/wordpress\/wp-json\/wp\/v2\/media?parent=254"}],"wp:term":[{"taxonomy":"category","embeddable":true,"href":"http:\/\/www.jo-der-koch.de\/wordpress\/wp-json\/wp\/v2\/categories?post=254"},{"taxonomy":"post_tag","embeddable":true,"href":"http:\/\/www.jo-der-koch.de\/wordpress\/wp-json\/wp\/v2\/tags?post=254"}],"curies":[{"name":"wp","href":"https:\/\/api.w.org\/{rel}","templated":true}]}}