{"id":224,"date":"2015-07-13T16:42:34","date_gmt":"2015-07-13T15:42:34","guid":{"rendered":"http:\/\/www.jo-der-koch.de\/wordpress\/?p=224"},"modified":"2015-07-21T00:33:30","modified_gmt":"2015-07-20T23:33:30","slug":"zwiebeltarte","status":"publish","type":"post","link":"http:\/\/www.jo-der-koch.de\/wordpress\/2015\/07\/13\/zwiebeltarte\/","title":{"rendered":"Zwiebeltarte"},"content":{"rendered":"<p>[efb_likebox fanpage_url=&#8220;joderkoch&#8220; box_width=&#8220;250&#8243; box_height=&#8220;250&#8243; locale=&#8220;de_DE&#8220; responsive=&#8220;0&#8243; show_faces=&#8220;1&#8243; show_stream=&#8220;0&#8243; hide_cover=&#8220;0&#8243; small_header=&#8220;0&#8243; hide_cta=&#8220;0&#8243; ]<\/p>\n<p>Zum ersten Mal gegessen haben wir diese Tarte im S\u00fcdfrankreichurlaub. Seitdem ist jede neue Tarte, \u00a0jeder Biss ein kleines St\u00fcck Urlaub. So gut wie sie schmeckt, so schnell ist sie auch gemacht. Wie ihr auf den Bildern sehen k\u00f6nnt habe ich sie mal wieder in meiner lieblings gusseisernen Pfanne \u00a0gebacken. Mit dieser Pfanne schafft man das ganze Rezept, zuerst die glasigen Zwiebeln und dann den grossen Boden. So, damit ihr aber auch endlich in den Urlaub kommt, hier das Rezept:<\/p>\n<p><strong>Was du brauchst:\u00a0<a href=\"http:\/\/www.jo-der-koch.de\/wordpress\/wp-content\/uploads\/2015\/07\/image5.jpg\"><img loading=\"lazy\" decoding=\"async\" class=\"alignright size-large wp-image-233\" src=\"http:\/\/www.jo-der-koch.de\/wordpress\/wp-content\/uploads\/2015\/07\/image5-681x1024.jpg\" alt=\"image\" width=\"681\" height=\"1024\" srcset=\"http:\/\/www.jo-der-koch.de\/wordpress\/wp-content\/uploads\/2015\/07\/image5-681x1024.jpg 681w, http:\/\/www.jo-der-koch.de\/wordpress\/wp-content\/uploads\/2015\/07\/image5-199x300.jpg 199w, http:\/\/www.jo-der-koch.de\/wordpress\/wp-content\/uploads\/2015\/07\/image5.jpg 1000w\" sizes=\"(max-width: 681px) 100vw, 681px\" \/><\/a><\/strong><\/p>\n<p><em>F\u00fcr den Teig:\u00a0<\/em><\/p>\n<p>&#8211; 500g Mehl<\/p>\n<p>&#8211; 1 Pk. Trockenhefe<\/p>\n<p>&#8211; 80 ml Oliven\u00f6l<\/p>\n<p>&#8211; Salz<\/p>\n<p>&#8211; Zucker<\/p>\n<p>&#8211; Wasser<\/p>\n<p><em><a href=\"http:\/\/www.jo-der-koch.de\/wordpress\/wp-content\/uploads\/2015\/07\/image6.jpg\"><img loading=\"lazy\" decoding=\"async\" class=\" size-large wp-image-234 alignleft\" src=\"http:\/\/www.jo-der-koch.de\/wordpress\/wp-content\/uploads\/2015\/07\/image6-681x1024.jpg\" alt=\"image\" width=\"681\" height=\"1024\" srcset=\"http:\/\/www.jo-der-koch.de\/wordpress\/wp-content\/uploads\/2015\/07\/image6-681x1024.jpg 681w, http:\/\/www.jo-der-koch.de\/wordpress\/wp-content\/uploads\/2015\/07\/image6-199x300.jpg 199w, http:\/\/www.jo-der-koch.de\/wordpress\/wp-content\/uploads\/2015\/07\/image6.jpg 1000w\" sizes=\"(max-width: 681px) 100vw, 681px\" \/><\/a><\/em><\/p>\n<p>&nbsp;<\/p>\n<p>&nbsp;<\/p>\n<p><em>F\u00fcr den Belag:\u00a0<\/em><\/p>\n<p>&#8211; 1 kg Rote Zwiebeln<\/p>\n<p>&#8211; 2 Knoblauchzehen<\/p>\n<p>&#8211; 15 Sardellenfilets<\/p>\n<p>&#8211; Oliven<\/p>\n<p>&#8211; Thymian<\/p>\n<p>&#8211; Oliven\u00f6l<\/p>\n<p>&nbsp;<\/p>\n<p><strong>Wie es geht: \u00a0<\/strong><\/p>\n<p>Die Trockenhefe mit etwas Zucker in lauwarmem Wasser einweichen. Am besten ihr mischt die Zutaten als erste mit einer K\u00fcchenmaschine oder einem anderen K\u00fcchenhelfer mit Knetfunktion. Nach dem die Hefe ein paar Minuten zum einweichen hatte alle Zutaten f\u00fcr den Teig zusammen mischen. Das Wasser gebe ich immer nach Gef\u00fchl dazu, denn jedes Mehl nimmt anders Wasser auf. Habt ihr alles zu einem glatten Teig verarbeitet, den Teig aus der Maschine nehmen und ihn noch einmal mit der Hand f\u00fcr mindestens zwei Minuten durchkneten. Den Teig wieder in die Sch\u00fcssel legen und ihn mit einem Tuch abgedeckt gehen lassen.<br \/>\n<img loading=\"lazy\" decoding=\"async\" class=\"alignright size-large wp-image-235\" src=\"http:\/\/www.jo-der-koch.de\/wordpress\/wp-content\/uploads\/2015\/07\/image7-681x1024.jpg\" alt=\"image\" width=\"681\" height=\"1024\" srcset=\"http:\/\/www.jo-der-koch.de\/wordpress\/wp-content\/uploads\/2015\/07\/image7-681x1024.jpg 681w, http:\/\/www.jo-der-koch.de\/wordpress\/wp-content\/uploads\/2015\/07\/image7-199x300.jpg 199w, http:\/\/www.jo-der-koch.de\/wordpress\/wp-content\/uploads\/2015\/07\/image7.jpg 1000w\" sizes=\"(max-width: 681px) 100vw, 681px\" \/>W\u00e4hrend der Teig geht, k\u00f6nnt ihr euch den Zwiebeln widmen. Sie m\u00fcssen gesch\u00e4lt und in d\u00fcnne Ringe oder Halbkreise geschnitten werden. Den Knoblauch k\u00f6nnt ihr entweder ganz fein w\u00fcrfeln oder ihn \u00fcber eine feine Reibe reiben. Zwiebeln und Knoblauch zusammen in einer Pfanne glasig d\u00fcnsten, sie sollten nicht br\u00e4unen. Den Thymian k\u00f6nnt ihr entweder im Ganzen dazu machen und dann sp\u00e4ter die Stiele entfernen oder ihr l\u00f6st die Bl\u00e4tter von den Stielen vorher. Sind die Zwiebeln fertig, nehmt die Pfanne von der Hitze und holt die H\u00e4lfte der Zwiebeln aus der Pfanne. Sie werden mit den Sardellenfilets und etwas Oliven\u00f6l zu einer Paste verarbeitet. Das macht ihr am besten mit einem Zauberstab oder in einem K\u00fcchenhechsler.<\/p>\n<p><a href=\"http:\/\/www.jo-der-koch.de\/wordpress\/wp-content\/uploads\/2015\/07\/image8.jpg\"><img loading=\"lazy\" decoding=\"async\" class=\"alignright size-large wp-image-236\" src=\"http:\/\/www.jo-der-koch.de\/wordpress\/wp-content\/uploads\/2015\/07\/image8-681x1024.jpg\" alt=\"image\" width=\"681\" height=\"1024\" srcset=\"http:\/\/www.jo-der-koch.de\/wordpress\/wp-content\/uploads\/2015\/07\/image8-681x1024.jpg 681w, http:\/\/www.jo-der-koch.de\/wordpress\/wp-content\/uploads\/2015\/07\/image8-199x300.jpg 199w, http:\/\/www.jo-der-koch.de\/wordpress\/wp-content\/uploads\/2015\/07\/image8.jpg 1000w\" sizes=\"(max-width: 681px) 100vw, 681px\" \/><\/a>Ist der Teig fertig gegangen, solltet ihr ihn abschlagen und noch einmal kurz mit den H\u00e4nden kneten. Den Teig auf einem Blech, oder wie in meinem Beispiel einer Pfanne, ausrollen. Die Paste auf den Teig streichen und die Zwiebeln dar\u00fcber verteilen. Die Oliven k\u00f6nnt\u00a0ihr im ganzen dar\u00fcber streuen oder sie schnell in kleine Ringe schneiden. Das ganze dann nur noch bei 180 Grad Umluft in den Ofen schieben und die Tarte zur gew\u00fcnschten Br\u00e4une backen.<\/p>\n<p>Jetzt hei\u00dft es nur noch St\u00fccke schneiden und sich einen Bissen Urlaub g\u00f6nnen. Den passenden Wein dazu findet ihr hier: <a href=\"http:\/\/www.chateaucarpediem.com\" target=\"_blank\">Chateau Carpe Diem<\/a><\/p>\n<p><a href=\"http:\/\/www.jo-der-koch.de\/wordpress\/wp-content\/uploads\/2015\/07\/image10.jpg\"><img loading=\"lazy\" decoding=\"async\" class=\" size-large wp-image-238 aligncenter\" src=\"http:\/\/www.jo-der-koch.de\/wordpress\/wp-content\/uploads\/2015\/07\/image10-681x1024.jpg\" alt=\"image\" width=\"681\" height=\"1024\" srcset=\"http:\/\/www.jo-der-koch.de\/wordpress\/wp-content\/uploads\/2015\/07\/image10-681x1024.jpg 681w, http:\/\/www.jo-der-koch.de\/wordpress\/wp-content\/uploads\/2015\/07\/image10-199x300.jpg 199w, http:\/\/www.jo-der-koch.de\/wordpress\/wp-content\/uploads\/2015\/07\/image10-1440x2166.jpg 1440w, http:\/\/www.jo-der-koch.de\/wordpress\/wp-content\/uploads\/2015\/07\/image10.jpg 1536w\" sizes=\"(max-width: 681px) 100vw, 681px\" \/><\/a><\/p>\n","protected":false},"excerpt":{"rendered":"<p>[efb_likebox fanpage_url=&#8220;joderkoch&#8220; box_width=&#8220;250&#8243; box_height=&#8220;250&#8243; locale=&#8220;de_DE&#8220; responsive=&#8220;0&#8243; show_faces=&#8220;1&#8243; show_stream=&#8220;0&#8243; hide_cover=&#8220;0&#8243; small_header=&#8220;0&#8243; hide_cta=&#8220;0&#8243; ] Zum ersten Mal gegessen haben wir diese Tarte im S\u00fcdfrankreichurlaub. Seitdem ist jede neue Tarte, \u00a0jeder Biss ein kleines St\u00fcck Urlaub. So gut wie sie schmeckt, so schnell ist sie auch gemacht. Wie ihr auf den Bildern sehen k\u00f6nnt habe ich sie mal [&hellip;]<\/p>\n","protected":false},"author":1,"featured_media":237,"comment_status":"open","ping_status":"open","sticky":false,"template":"","format":"standard","meta":{"footnotes":""},"categories":[1,12,13,2],"tags":[],"_links":{"self":[{"href":"http:\/\/www.jo-der-koch.de\/wordpress\/wp-json\/wp\/v2\/posts\/224"}],"collection":[{"href":"http:\/\/www.jo-der-koch.de\/wordpress\/wp-json\/wp\/v2\/posts"}],"about":[{"href":"http:\/\/www.jo-der-koch.de\/wordpress\/wp-json\/wp\/v2\/types\/post"}],"author":[{"embeddable":true,"href":"http:\/\/www.jo-der-koch.de\/wordpress\/wp-json\/wp\/v2\/users\/1"}],"replies":[{"embeddable":true,"href":"http:\/\/www.jo-der-koch.de\/wordpress\/wp-json\/wp\/v2\/comments?post=224"}],"version-history":[{"count":20,"href":"http:\/\/www.jo-der-koch.de\/wordpress\/wp-json\/wp\/v2\/posts\/224\/revisions"}],"predecessor-version":[{"id":714,"href":"http:\/\/www.jo-der-koch.de\/wordpress\/wp-json\/wp\/v2\/posts\/224\/revisions\/714"}],"wp:featuredmedia":[{"embeddable":true,"href":"http:\/\/www.jo-der-koch.de\/wordpress\/wp-json\/wp\/v2\/media\/237"}],"wp:attachment":[{"href":"http:\/\/www.jo-der-koch.de\/wordpress\/wp-json\/wp\/v2\/media?parent=224"}],"wp:term":[{"taxonomy":"category","embeddable":true,"href":"http:\/\/www.jo-der-koch.de\/wordpress\/wp-json\/wp\/v2\/categories?post=224"},{"taxonomy":"post_tag","embeddable":true,"href":"http:\/\/www.jo-der-koch.de\/wordpress\/wp-json\/wp\/v2\/tags?post=224"}],"curies":[{"name":"wp","href":"https:\/\/api.w.org\/{rel}","templated":true}]}}